{"id":5612,"date":"2026-09-04T07:31:53","date_gmt":"2026-09-04T07:31:53","guid":{"rendered":"https:\/\/biblioteka.almalo.edu.pl\/?p=5612"},"modified":"2026-09-04T07:56:18","modified_gmt":"2026-09-04T07:56:18","slug":"narodowe-czytanie-dziadow-adama-mickiewicza-w-i-lo-w-myslenicach","status":"publish","type":"post","link":"https:\/\/biblioteka.almalo.edu.pl\/?p=5612","title":{"rendered":"Narodowe Czytanie \u201eDziad\u00f3w\u201d Adama Mickiewicza w I LO w My\u015blenicach"},"content":{"rendered":"\n<p class=\"wp-block-paragraph\">4 wrze\u015bnia nasza szko\u0142a po raz kolejny w\u0142\u0105czy\u0142a si\u0119 w og\u00f3lnopolsk\u0105 akcj\u0119 Narodowego Czytania. W godzinach 9:00\u201312:00 biblioteka I Liceum Og\u00f3lnokszta\u0142c\u0105cego im. Tadeusza Ko\u015bciuszki w My\u015blenicach zorganizowa\u0142a wyj\u0105tkowe wydarzenie po\u015bwi\u0119cone jednemu z najwa\u017cniejszych dzie\u0142 polskiego romantyzmu \u2013 \u201eDziadom\u201d Adama Mickiewicza.<\/p>\n\n\n\n<p class=\"wp-block-paragraph\">W ramach akcji przygotowano szereg atrakcji dla uczni\u00f3w i nauczycieli:<\/p>\n\n\n\n<ul class=\"wp-block-list\">\n<li><strong>Wystawa tematyczna<\/strong> \u2013 w bibliotece mo\u017cna by\u0142o podziwia\u0107 r\u00f3\u017cnorodne wydania dramatu (w tym publikacje z facsimilami autograf\u00f3w wieszcza), materia\u0142y dydaktyczne, klimatyczne rekwizyty oraz tablice edukacyjne przybli\u017caj\u0105ce poszczeg\u00f3lne cz\u0119\u015bci utworu.<\/li>\n\n\n\n<li><strong>Ekranizacja w holu g\u0142\u00f3wnym<\/strong> \u2013 w holu szko\u0142y wy\u015bwietlano film \u201eLawa\u201d w re\u017cyserii Tadeusza Konwickiego, co pozwoli\u0142o uczniom na chwil\u0119 refleksji i bli\u017csze obcowanie z filmow\u0105 adaptacj\u0105 arcydzie\u0142a Mickiewicza.<\/li>\n\n\n\n<li><strong>Pami\u0105tkowa piecz\u0105tka<\/strong> \u2013 wszyscy uczestnicy i mi\u0142o\u015bnicy literatury mieli mo\u017cliwo\u015b\u0107 przybicia pami\u0105tkowej piecz\u0119ci tegorocznej edycji Narodowego Czytania na swoich egzemplarzach ksi\u0105\u017cek lub w zeszytach.<\/li>\n<\/ul>\n\n\n\n<p class=\"wp-block-paragraph\">Dzi\u0119kujemy wszystkim za zaanga\u017cowanie i wsp\u00f3lne \u015bwi\u0119towanie z polsk\u0105 literatur\u0105!<\/p>\n\n\n\n<figure class=\"wp-block-gallery has-nested-images columns-default is-cropped wp-block-gallery-1 is-layout-flex wp-block-gallery-is-layout-flex\">\n<figure class=\"wp-block-image size-large\"><a href=\"https:\/\/biblioteka.almalo.edu.pl\/wp-content\/uploads\/2026\/09\/IMG_6948-2-scaled.jpeg\"><img loading=\"lazy\" decoding=\"async\" width=\"1024\" height=\"768\" data-id=\"5623\" src=\"https:\/\/biblioteka.almalo.edu.pl\/wp-content\/uploads\/2026\/09\/IMG_6948-2-1024x768.jpeg\" alt=\"\" class=\"wp-image-5623\" srcset=\"https:\/\/biblioteka.almalo.edu.pl\/wp-content\/uploads\/2026\/09\/IMG_6948-2-1024x768.jpeg 1024w, https:\/\/biblioteka.almalo.edu.pl\/wp-content\/uploads\/2026\/09\/IMG_6948-2-300x225.jpeg 300w, https:\/\/biblioteka.almalo.edu.pl\/wp-content\/uploads\/2026\/09\/IMG_6948-2-768x576.jpeg 768w, https:\/\/biblioteka.almalo.edu.pl\/wp-content\/uploads\/2026\/09\/IMG_6948-2-1536x1152.jpeg 1536w, https:\/\/biblioteka.almalo.edu.pl\/wp-content\/uploads\/2026\/09\/IMG_6948-2-2048x1536.jpeg 2048w\" sizes=\"auto, (max-width: 1024px) 100vw, 1024px\" \/><\/a><\/figure>\n<\/figure>\n\n\n\n<p class=\"wp-block-paragraph\"><\/p>\n","protected":false},"excerpt":{"rendered":"<p>4 wrze\u015bnia nasza szko\u0142a po raz kolejny w\u0142\u0105czy\u0142a si\u0119 w og\u00f3lnopolsk\u0105 akcj\u0119 Narodowego Czytania. W godzinach 9:00\u201312:00 biblioteka I Liceum Og\u00f3lnokszta\u0142c\u0105cego im. Tadeusza Ko\u015bciuszki w My\u015blenicach zorganizowa\u0142a wyj\u0105tkowe wydarzenie po\u015bwi\u0119cone jednemu z najwa\u017cniejszych dzie\u0142 polskiego romantyzmu \u2013 \u201eDziadom\u201d Adama Mickiewicza. &hellip; <a href=\"https:\/\/biblioteka.almalo.edu.pl\/?p=5612\">Czytaj dalej <span class=\"meta-nav\">&rarr;<\/span><\/a><\/p>\n","protected":false},"author":7,"featured_media":0,"comment_status":"closed","ping_status":"closed","sticky":false,"template":"","format":"standard","meta":{"footnotes":""},"categories":[1],"tags":[],"class_list":["post-5612","post","type-post","status-publish","format-standard","hentry","category-biblioteka"],"_links":{"self":[{"href":"https:\/\/biblioteka.almalo.edu.pl\/index.php?rest_route=\/wp\/v2\/posts\/5612","targetHints":{"allow":["GET"]}}],"collection":[{"href":"https:\/\/biblioteka.almalo.edu.pl\/index.php?rest_route=\/wp\/v2\/posts"}],"about":[{"href":"https:\/\/biblioteka.almalo.edu.pl\/index.php?rest_route=\/wp\/v2\/types\/post"}],"author":[{"embeddable":true,"href":"https:\/\/biblioteka.almalo.edu.pl\/index.php?rest_route=\/wp\/v2\/users\/7"}],"replies":[{"embeddable":true,"href":"https:\/\/biblioteka.almalo.edu.pl\/index.php?rest_route=%2Fwp%2Fv2%2Fcomments&post=5612"}],"version-history":[{"count":3,"href":"https:\/\/biblioteka.almalo.edu.pl\/index.php?rest_route=\/wp\/v2\/posts\/5612\/revisions"}],"predecessor-version":[{"id":5631,"href":"https:\/\/biblioteka.almalo.edu.pl\/index.php?rest_route=\/wp\/v2\/posts\/5612\/revisions\/5631"}],"wp:attachment":[{"href":"https:\/\/biblioteka.almalo.edu.pl\/index.php?rest_route=%2Fwp%2Fv2%2Fmedia&parent=5612"}],"wp:term":[{"taxonomy":"category","embeddable":true,"href":"https:\/\/biblioteka.almalo.edu.pl\/index.php?rest_route=%2Fwp%2Fv2%2Fcategories&post=5612"},{"taxonomy":"post_tag","embeddable":true,"href":"https:\/\/biblioteka.almalo.edu.pl\/index.php?rest_route=%2Fwp%2Fv2%2Ftags&post=5612"}],"curies":[{"name":"wp","href":"https:\/\/api.w.org\/{rel}","templated":true}]}}